{"id":120916,"date":"2026-09-06T11:38:32","date_gmt":"2026-09-06T14:38:32","guid":{"rendered":"https:\/\/artner.com.br\/?p=120916"},"modified":"2026-09-06T11:38:32","modified_gmt":"2026-09-06T14:38:32","slug":"autores-sergipanos-participam-da-bienal-do-livro-de-sao-paulo","status":"publish","type":"post","link":"https:\/\/artner.com.br\/?p=120916","title":{"rendered":"AUTORES SERGIPANOS PARTICIPAM DA BIENAL DO LIVRO DE S\u00c3O PAULO"},"content":{"rendered":"<h4>Escritores\/as que publicaram seus livros com a Editora ArtNer participam da 28\u00aa Bienal Internacional do Livro de S\u00e3o Paulo.<\/h4>\n<p><img decoding=\"async\" class=\"size-medium wp-image-120924 aligncenter\" src=\"https:\/\/artner.com.br\/wp-content\/uploads\/2026\/09\/Bienal-de-SP-300x292.jpg\" alt=\"\" width=\"300\" height=\"292\" srcset=\"https:\/\/artner.com.br\/wp-content\/uploads\/2026\/09\/Bienal-de-SP-300x292.jpg 300w, https:\/\/artner.com.br\/wp-content\/uploads\/2026\/09\/Bienal-de-SP-350x341.jpg 350w, https:\/\/artner.com.br\/wp-content\/uploads\/2026\/09\/Bienal-de-SP.jpg 377w\" sizes=\"(max-width: 300px) 100vw, 300px\" \/><\/p>\n<p>Sergipe \u00e9 um estado com centenas de escritores\/as. Somente na ArtNer, mais de 300 autores j\u00e1 publicaram seus livros, somando mais de 300 t\u00edtulos. S\u00e3o livros de poesias, biografia, reflex\u00f5es, infanto-juvenis, cient\u00edficos entre tantos outros temas.<\/p>\n<p><img decoding=\"async\" class=\"size-medium wp-image-120923 aligncenter\" src=\"https:\/\/artner.com.br\/wp-content\/uploads\/2026\/09\/Bandeira-de-Sergipe-300x233.jpg\" alt=\"\" width=\"300\" height=\"233\" srcset=\"https:\/\/artner.com.br\/wp-content\/uploads\/2026\/09\/Bandeira-de-Sergipe-300x233.jpg 300w, https:\/\/artner.com.br\/wp-content\/uploads\/2026\/09\/Bandeira-de-Sergipe-350x272.jpg 350w, https:\/\/artner.com.br\/wp-content\/uploads\/2026\/09\/Bandeira-de-Sergipe.jpg 450w\" sizes=\"(max-width: 300px) 100vw, 300px\" \/><\/p>\n<p>Estamos orgulhosos que os sergipanos estejam participando de um dos maiores eventos culturais e liter\u00e1rios do mundo. Estamos muito bem representados.<\/p>\n<p>Vejam os\/as participantes que publicaram seus livros na Editora ArtNer e que est\u00e3o na Bienal.<\/p>\n<figure id=\"attachment_120917\" aria-describedby=\"caption-attachment-120917\" style=\"width: 158px\" class=\"wp-caption aligncenter\"><img decoding=\"async\" class=\"wp-image-120917 size-medium\" src=\"https:\/\/artner.com.br\/wp-content\/uploads\/2026\/09\/WhatsApp-Image-2026-09-04-at-11.41.46-1-158x300.jpeg\" alt=\"\" width=\"158\" height=\"300\" srcset=\"https:\/\/artner.com.br\/wp-content\/uploads\/2026\/09\/WhatsApp-Image-2026-09-04-at-11.41.46-1-158x300.jpeg 158w, https:\/\/artner.com.br\/wp-content\/uploads\/2026\/09\/WhatsApp-Image-2026-09-04-at-11.41.46-1-541x1024.jpeg 541w, https:\/\/artner.com.br\/wp-content\/uploads\/2026\/09\/WhatsApp-Image-2026-09-04-at-11.41.46-1-768x1455.jpeg 768w, https:\/\/artner.com.br\/wp-content\/uploads\/2026\/09\/WhatsApp-Image-2026-09-04-at-11.41.46-1-811x1536.jpeg 811w, https:\/\/artner.com.br\/wp-content\/uploads\/2026\/09\/WhatsApp-Image-2026-09-04-at-11.41.46-1-350x663.jpeg 350w, https:\/\/artner.com.br\/wp-content\/uploads\/2026\/09\/WhatsApp-Image-2026-09-04-at-11.41.46-1.jpeg 832w\" sizes=\"(max-width: 158px) 100vw, 158px\" \/><figcaption id=\"caption-attachment-120917\" class=\"wp-caption-text\">G. Aguiar \/ Jeane Caldas com o livro &#8220;Gri\u00f4 Fayoila&#8221;<\/figcaption><\/figure>\n<figure id=\"attachment_120918\" aria-describedby=\"caption-attachment-120918\" style=\"width: 158px\" class=\"wp-caption aligncenter\"><img decoding=\"async\" class=\"wp-image-120918 size-medium\" src=\"https:\/\/artner.com.br\/wp-content\/uploads\/2026\/09\/WhatsApp-Image-2026-09-04-at-11.41.46-2-158x300.jpeg\" alt=\"\" width=\"158\" height=\"300\" srcset=\"https:\/\/artner.com.br\/wp-content\/uploads\/2026\/09\/WhatsApp-Image-2026-09-04-at-11.41.46-2-158x300.jpeg 158w, https:\/\/artner.com.br\/wp-content\/uploads\/2026\/09\/WhatsApp-Image-2026-09-04-at-11.41.46-2-541x1024.jpeg 541w, https:\/\/artner.com.br\/wp-content\/uploads\/2026\/09\/WhatsApp-Image-2026-09-04-at-11.41.46-2-768x1455.jpeg 768w, https:\/\/artner.com.br\/wp-content\/uploads\/2026\/09\/WhatsApp-Image-2026-09-04-at-11.41.46-2-811x1536.jpeg 811w, https:\/\/artner.com.br\/wp-content\/uploads\/2026\/09\/WhatsApp-Image-2026-09-04-at-11.41.46-2-350x663.jpeg 350w, https:\/\/artner.com.br\/wp-content\/uploads\/2026\/09\/WhatsApp-Image-2026-09-04-at-11.41.46-2.jpeg 832w\" sizes=\"(max-width: 158px) 100vw, 158px\" \/><figcaption id=\"caption-attachment-120918\" class=\"wp-caption-text\">Gerailson Jos\u00e9 com o livro de poemas em homenagem \u00e0s mulheres, &#8220;O que cabe numa mulher&#8221;.<\/figcaption><\/figure>\n<figure id=\"attachment_120919\" aria-describedby=\"caption-attachment-120919\" style=\"width: 158px\" class=\"wp-caption aligncenter\"><img decoding=\"async\" class=\"wp-image-120919 size-medium\" src=\"https:\/\/artner.com.br\/wp-content\/uploads\/2026\/09\/WhatsApp-Image-2026-09-04-at-11.41.46-3-158x300.jpeg\" alt=\"\" width=\"158\" height=\"300\" srcset=\"https:\/\/artner.com.br\/wp-content\/uploads\/2026\/09\/WhatsApp-Image-2026-09-04-at-11.41.46-3-158x300.jpeg 158w, https:\/\/artner.com.br\/wp-content\/uploads\/2026\/09\/WhatsApp-Image-2026-09-04-at-11.41.46-3-541x1024.jpeg 541w, https:\/\/artner.com.br\/wp-content\/uploads\/2026\/09\/WhatsApp-Image-2026-09-04-at-11.41.46-3-768x1455.jpeg 768w, https:\/\/artner.com.br\/wp-content\/uploads\/2026\/09\/WhatsApp-Image-2026-09-04-at-11.41.46-3-811x1536.jpeg 811w, https:\/\/artner.com.br\/wp-content\/uploads\/2026\/09\/WhatsApp-Image-2026-09-04-at-11.41.46-3-350x663.jpeg 350w, https:\/\/artner.com.br\/wp-content\/uploads\/2026\/09\/WhatsApp-Image-2026-09-04-at-11.41.46-3.jpeg 832w\" sizes=\"(max-width: 158px) 100vw, 158px\" \/><figcaption id=\"caption-attachment-120919\" class=\"wp-caption-text\">Ol\u00edvia Leal e o romance &#8220;Satori&#8221;.<\/figcaption><\/figure>\n<figure id=\"attachment_120920\" aria-describedby=\"caption-attachment-120920\" style=\"width: 158px\" class=\"wp-caption aligncenter\"><img decoding=\"async\" class=\"wp-image-120920 size-medium\" src=\"https:\/\/artner.com.br\/wp-content\/uploads\/2026\/09\/WhatsApp-Image-2026-09-04-at-11.41.46-4-158x300.jpeg\" alt=\"\" width=\"158\" height=\"300\" srcset=\"https:\/\/artner.com.br\/wp-content\/uploads\/2026\/09\/WhatsApp-Image-2026-09-04-at-11.41.46-4-158x300.jpeg 158w, https:\/\/artner.com.br\/wp-content\/uploads\/2026\/09\/WhatsApp-Image-2026-09-04-at-11.41.46-4-541x1024.jpeg 541w, https:\/\/artner.com.br\/wp-content\/uploads\/2026\/09\/WhatsApp-Image-2026-09-04-at-11.41.46-4-768x1455.jpeg 768w, https:\/\/artner.com.br\/wp-content\/uploads\/2026\/09\/WhatsApp-Image-2026-09-04-at-11.41.46-4-811x1536.jpeg 811w, https:\/\/artner.com.br\/wp-content\/uploads\/2026\/09\/WhatsApp-Image-2026-09-04-at-11.41.46-4-350x663.jpeg 350w, https:\/\/artner.com.br\/wp-content\/uploads\/2026\/09\/WhatsApp-Image-2026-09-04-at-11.41.46-4.jpeg 832w\" sizes=\"(max-width: 158px) 100vw, 158px\" \/><figcaption id=\"caption-attachment-120920\" class=\"wp-caption-text\">Roberta Ferraz com o livro de aventura e fantasia, &#8220;Velorum&#8221;.<\/figcaption><\/figure>\n<figure id=\"attachment_120921\" aria-describedby=\"caption-attachment-120921\" style=\"width: 158px\" class=\"wp-caption aligncenter\"><img decoding=\"async\" class=\"wp-image-120921 size-medium\" src=\"https:\/\/artner.com.br\/wp-content\/uploads\/2026\/09\/WhatsApp-Image-2026-09-04-at-11.41.46-5-158x300.jpeg\" alt=\"\" width=\"158\" height=\"300\" srcset=\"https:\/\/artner.com.br\/wp-content\/uploads\/2026\/09\/WhatsApp-Image-2026-09-04-at-11.41.46-5-158x300.jpeg 158w, https:\/\/artner.com.br\/wp-content\/uploads\/2026\/09\/WhatsApp-Image-2026-09-04-at-11.41.46-5-541x1024.jpeg 541w, https:\/\/artner.com.br\/wp-content\/uploads\/2026\/09\/WhatsApp-Image-2026-09-04-at-11.41.46-5-768x1455.jpeg 768w, https:\/\/artner.com.br\/wp-content\/uploads\/2026\/09\/WhatsApp-Image-2026-09-04-at-11.41.46-5-811x1536.jpeg 811w, https:\/\/artner.com.br\/wp-content\/uploads\/2026\/09\/WhatsApp-Image-2026-09-04-at-11.41.46-5-350x663.jpeg 350w, https:\/\/artner.com.br\/wp-content\/uploads\/2026\/09\/WhatsApp-Image-2026-09-04-at-11.41.46-5.jpeg 832w\" sizes=\"(max-width: 158px) 100vw, 158px\" \/><figcaption id=\"caption-attachment-120921\" class=\"wp-caption-text\">Vanessa Noronha com o livro infanto-juvenil, &#8220;Cora&#8221;.<\/figcaption><\/figure>\n<figure id=\"attachment_120922\" aria-describedby=\"caption-attachment-120922\" style=\"width: 158px\" class=\"wp-caption aligncenter\"><img decoding=\"async\" class=\"wp-image-120922 size-medium\" src=\"https:\/\/artner.com.br\/wp-content\/uploads\/2026\/09\/WhatsApp-Image-2026-09-04-at-11.41.46-158x300.jpeg\" alt=\"\" width=\"158\" height=\"300\" srcset=\"https:\/\/artner.com.br\/wp-content\/uploads\/2026\/09\/WhatsApp-Image-2026-09-04-at-11.41.46-158x300.jpeg 158w, https:\/\/artner.com.br\/wp-content\/uploads\/2026\/09\/WhatsApp-Image-2026-09-04-at-11.41.46-541x1024.jpeg 541w, https:\/\/artner.com.br\/wp-content\/uploads\/2026\/09\/WhatsApp-Image-2026-09-04-at-11.41.46-768x1455.jpeg 768w, https:\/\/artner.com.br\/wp-content\/uploads\/2026\/09\/WhatsApp-Image-2026-09-04-at-11.41.46-811x1536.jpeg 811w, https:\/\/artner.com.br\/wp-content\/uploads\/2026\/09\/WhatsApp-Image-2026-09-04-at-11.41.46-350x663.jpeg 350w, https:\/\/artner.com.br\/wp-content\/uploads\/2026\/09\/WhatsApp-Image-2026-09-04-at-11.41.46.jpeg 832w\" sizes=\"(max-width: 158px) 100vw, 158px\" \/><figcaption id=\"caption-attachment-120922\" class=\"wp-caption-text\">Ana Cl\u00e1udia e o livro &#8220;O casulo autista&#8221;.<\/figcaption><\/figure>\n<p>&nbsp;<\/p>\n","protected":false},"excerpt":{"rendered":"<p>Escritores\/as que publicaram seus livros com a Editora ArtNer participam da 28\u00aa Bienal Internacional do Livro de S\u00e3o Paulo. Sergipe [&hellip;]<\/p>\n","protected":false},"author":2,"featured_media":120925,"comment_status":"open","ping_status":"open","sticky":false,"template":"","format":"standard","meta":{"footnotes":""},"categories":[85],"tags":[198,190,134,171,165,120,144,226,229,140,169,136,133,128,135,148,159,172,233,132],"class_list":["post-120916","post","type-post","status-publish","format-standard","has-post-thumbnail","hentry","category-noticia","tag-artner","tag-autores","tag-cultura-sergipana","tag-editora-artner","tag-editoracao","tag-escritor","tag-evento-literario","tag-eventos","tag-feira-de-livros","tag-feira-do-livro","tag-lancamento-de-livro","tag-literatura-infantil","tag-literatura-sergipana","tag-livro-novo","tag-livro-sergipano","tag-livros","tag-projetos-literarios","tag-publicacao","tag-sergipanidade","tag-sergipe"],"yoast_head":"<!-- This site is optimized with the Yoast SEO plugin v19.13 - https:\/\/yoast.com\/wordpress\/plugins\/seo\/ -->\n<title>AUTORES SERGIPANOS PARTICIPAM DA BIENAL DO LIVRO DE S\u00c3O PAULO - ArtNer<\/title>\n<meta name=\"robots\" content=\"index, follow, max-snippet:-1, max-image-preview:large, max-video-preview:-1\" \/>\n<link rel=\"canonical\" href=\"https:\/\/artner.com.br\/?p=120916\" \/>\n<meta property=\"og:locale\" content=\"pt_BR\" \/>\n<meta property=\"og:type\" content=\"article\" \/>\n<meta property=\"og:title\" content=\"AUTORES SERGIPANOS PARTICIPAM DA BIENAL DO LIVRO DE S\u00c3O PAULO - ArtNer\" \/>\n<meta property=\"og:description\" content=\"Escritores\/as que publicaram seus livros com a Editora ArtNer participam da 28\u00aa Bienal Internacional do Livro de S\u00e3o Paulo. Sergipe [&hellip;]\" \/>\n<meta property=\"og:url\" content=\"https:\/\/artner.com.br\/?p=120916\" \/>\n<meta property=\"og:site_name\" content=\"ArtNer\" \/>\n<meta property=\"article:publisher\" content=\"https:\/\/www.facebook.com\/artnercomunicacao\/\" \/>\n<meta property=\"article:published_time\" content=\"2026-09-06T14:38:32+00:00\" \/>\n<meta property=\"og:image\" content=\"https:\/\/artner.com.br\/wp-content\/uploads\/2026\/09\/Sem-titulo-1.jpg\" \/>\n\t<meta property=\"og:image:width\" content=\"1735\" \/>\n\t<meta property=\"og:image:height\" content=\"1467\" \/>\n\t<meta property=\"og:image:type\" content=\"image\/jpeg\" \/>\n<meta name=\"author\" content=\"Joselito\" \/>\n<meta name=\"twitter:card\" content=\"summary_large_image\" \/>\n<meta name=\"twitter:label1\" content=\"Escrito por\" \/>\n\t<meta name=\"twitter:data1\" content=\"Joselito\" \/>\n\t<meta name=\"twitter:label2\" content=\"Est. tempo de leitura\" \/>\n\t<meta name=\"twitter:data2\" content=\"3 minutos\" \/>\n<script type=\"application\/ld+json\" class=\"yoast-schema-graph\">{\"@context\":\"https:\/\/schema.org\",\"@graph\":[{\"@type\":\"Article\",\"@id\":\"https:\/\/artner.com.br\/?p=120916#article\",\"isPartOf\":{\"@id\":\"https:\/\/artner.com.br\/?p=120916\"},\"author\":{\"name\":\"Joselito\",\"@id\":\"https:\/\/artner.com.br\/#\/schema\/person\/94e842656859e10f07fd66846f02af4f\"},\"headline\":\"AUTORES SERGIPANOS PARTICIPAM DA BIENAL DO LIVRO DE S\u00c3O PAULO\",\"datePublished\":\"2026-09-06T14:38:32+00:00\",\"dateModified\":\"2026-09-06T14:38:32+00:00\",\"mainEntityOfPage\":{\"@id\":\"https:\/\/artner.com.br\/?p=120916\"},\"wordCount\":209,\"commentCount\":0,\"publisher\":{\"@id\":\"https:\/\/artner.com.br\/#organization\"},\"keywords\":[\"artner\",\"autores\",\"cultura sergipana\",\"editora ArtNer\",\"editora\u00e7\u00e3o\",\"Escritor\",\"evento liter\u00e1rio\",\"eventos\",\"feira de livros\",\"feira do livro\",\"lan\u00e7amento de livro\",\"literatura infantil\",\"literatura sergipana\",\"Livro novo\",\"livro sergipano\",\"livros\",\"projetos liter\u00e1rios\",\"publica\u00e7\u00e3o\",\"SERGIPANIDADE\",\"sergipe\"],\"articleSection\":[\"Not\u00edcia\"],\"inLanguage\":\"pt-BR\",\"potentialAction\":[{\"@type\":\"CommentAction\",\"name\":\"Comment\",\"target\":[\"https:\/\/artner.com.br\/?p=120916#respond\"]}]},{\"@type\":\"WebPage\",\"@id\":\"https:\/\/artner.com.br\/?p=120916\",\"url\":\"https:\/\/artner.com.br\/?p=120916\",\"name\":\"AUTORES SERGIPANOS PARTICIPAM DA BIENAL DO LIVRO DE S\u00c3O PAULO - ArtNer\",\"isPartOf\":{\"@id\":\"https:\/\/artner.com.br\/#website\"},\"datePublished\":\"2026-09-06T14:38:32+00:00\",\"dateModified\":\"2026-09-06T14:38:32+00:00\",\"breadcrumb\":{\"@id\":\"https:\/\/artner.com.br\/?p=120916#breadcrumb\"},\"inLanguage\":\"pt-BR\",\"potentialAction\":[{\"@type\":\"ReadAction\",\"target\":[\"https:\/\/artner.com.br\/?p=120916\"]}]},{\"@type\":\"BreadcrumbList\",\"@id\":\"https:\/\/artner.com.br\/?p=120916#breadcrumb\",\"itemListElement\":[{\"@type\":\"ListItem\",\"position\":1,\"name\":\"In\u00edcio\",\"item\":\"https:\/\/artner.com.br\/\"},{\"@type\":\"ListItem\",\"position\":2,\"name\":\"AUTORES SERGIPANOS PARTICIPAM DA BIENAL DO LIVRO DE S\u00c3O PAULO\"}]},{\"@type\":\"WebSite\",\"@id\":\"https:\/\/artner.com.br\/#website\",\"url\":\"https:\/\/artner.com.br\/\",\"name\":\"ArtNer\",\"description\":\"A editora que realiza o seu sonho!\",\"publisher\":{\"@id\":\"https:\/\/artner.com.br\/#organization\"},\"potentialAction\":[{\"@type\":\"SearchAction\",\"target\":{\"@type\":\"EntryPoint\",\"urlTemplate\":\"https:\/\/artner.com.br\/?s={search_term_string}\"},\"query-input\":\"required name=search_term_string\"}],\"inLanguage\":\"pt-BR\"},{\"@type\":\"Organization\",\"@id\":\"https:\/\/artner.com.br\/#organization\",\"name\":\"Editora ArtNer\",\"url\":\"https:\/\/artner.com.br\/\",\"logo\":{\"@type\":\"ImageObject\",\"inLanguage\":\"pt-BR\",\"@id\":\"https:\/\/artner.com.br\/#\/schema\/logo\/image\/\",\"url\":\"https:\/\/artner.com.br\/wp-content\/uploads\/2022\/11\/cropped-ArtNer_Logo.png\",\"contentUrl\":\"https:\/\/artner.com.br\/wp-content\/uploads\/2022\/11\/cropped-ArtNer_Logo.png\",\"width\":976,\"height\":388,\"caption\":\"Editora ArtNer\"},\"image\":{\"@id\":\"https:\/\/artner.com.br\/#\/schema\/logo\/image\/\"},\"sameAs\":[\"https:\/\/www.instagram.com\/editora_artner\/\",\"https:\/\/www.facebook.com\/artnercomunicacao\/\"]},{\"@type\":\"Person\",\"@id\":\"https:\/\/artner.com.br\/#\/schema\/person\/94e842656859e10f07fd66846f02af4f\",\"name\":\"Joselito\",\"image\":{\"@type\":\"ImageObject\",\"inLanguage\":\"pt-BR\",\"@id\":\"https:\/\/artner.com.br\/#\/schema\/person\/image\/\",\"url\":\"https:\/\/secure.gravatar.com\/avatar\/ed545fd8e7f974fbae6e6e93817045d070d095cca8e784990b024cd4811d3a53?s=96&d=mm&r=g\",\"contentUrl\":\"https:\/\/secure.gravatar.com\/avatar\/ed545fd8e7f974fbae6e6e93817045d070d095cca8e784990b024cd4811d3a53?s=96&d=mm&r=g\",\"caption\":\"Joselito\"},\"url\":\"https:\/\/artner.com.br\/?author=2\"}]}<\/script>\n<!-- \/ Yoast SEO plugin. -->","yoast_head_json":{"title":"AUTORES SERGIPANOS PARTICIPAM DA BIENAL DO LIVRO DE S\u00c3O PAULO - ArtNer","robots":{"index":"index","follow":"follow","max-snippet":"max-snippet:-1","max-image-preview":"max-image-preview:large","max-video-preview":"max-video-preview:-1"},"canonical":"https:\/\/artner.com.br\/?p=120916","og_locale":"pt_BR","og_type":"article","og_title":"AUTORES SERGIPANOS PARTICIPAM DA BIENAL DO LIVRO DE S\u00c3O PAULO - ArtNer","og_description":"Escritores\/as que publicaram seus livros com a Editora ArtNer participam da 28\u00aa Bienal Internacional do Livro de S\u00e3o Paulo. Sergipe [&hellip;]","og_url":"https:\/\/artner.com.br\/?p=120916","og_site_name":"ArtNer","article_publisher":"https:\/\/www.facebook.com\/artnercomunicacao\/","article_published_time":"2026-09-06T14:38:32+00:00","og_image":[{"width":1735,"height":1467,"url":"https:\/\/artner.com.br\/wp-content\/uploads\/2026\/09\/Sem-titulo-1.jpg","type":"image\/jpeg"}],"author":"Joselito","twitter_card":"summary_large_image","twitter_misc":{"Escrito por":"Joselito","Est. tempo de leitura":"3 minutos"},"schema":{"@context":"https:\/\/schema.org","@graph":[{"@type":"Article","@id":"https:\/\/artner.com.br\/?p=120916#article","isPartOf":{"@id":"https:\/\/artner.com.br\/?p=120916"},"author":{"name":"Joselito","@id":"https:\/\/artner.com.br\/#\/schema\/person\/94e842656859e10f07fd66846f02af4f"},"headline":"AUTORES SERGIPANOS PARTICIPAM DA BIENAL DO LIVRO DE S\u00c3O PAULO","datePublished":"2026-09-06T14:38:32+00:00","dateModified":"2026-09-06T14:38:32+00:00","mainEntityOfPage":{"@id":"https:\/\/artner.com.br\/?p=120916"},"wordCount":209,"commentCount":0,"publisher":{"@id":"https:\/\/artner.com.br\/#organization"},"keywords":["artner","autores","cultura sergipana","editora ArtNer","editora\u00e7\u00e3o","Escritor","evento liter\u00e1rio","eventos","feira de livros","feira do livro","lan\u00e7amento de livro","literatura infantil","literatura sergipana","Livro novo","livro sergipano","livros","projetos liter\u00e1rios","publica\u00e7\u00e3o","SERGIPANIDADE","sergipe"],"articleSection":["Not\u00edcia"],"inLanguage":"pt-BR","potentialAction":[{"@type":"CommentAction","name":"Comment","target":["https:\/\/artner.com.br\/?p=120916#respond"]}]},{"@type":"WebPage","@id":"https:\/\/artner.com.br\/?p=120916","url":"https:\/\/artner.com.br\/?p=120916","name":"AUTORES SERGIPANOS PARTICIPAM DA BIENAL DO LIVRO DE S\u00c3O PAULO - ArtNer","isPartOf":{"@id":"https:\/\/artner.com.br\/#website"},"datePublished":"2026-09-06T14:38:32+00:00","dateModified":"2026-09-06T14:38:32+00:00","breadcrumb":{"@id":"https:\/\/artner.com.br\/?p=120916#breadcrumb"},"inLanguage":"pt-BR","potentialAction":[{"@type":"ReadAction","target":["https:\/\/artner.com.br\/?p=120916"]}]},{"@type":"BreadcrumbList","@id":"https:\/\/artner.com.br\/?p=120916#breadcrumb","itemListElement":[{"@type":"ListItem","position":1,"name":"In\u00edcio","item":"https:\/\/artner.com.br\/"},{"@type":"ListItem","position":2,"name":"AUTORES SERGIPANOS PARTICIPAM DA BIENAL DO LIVRO DE S\u00c3O PAULO"}]},{"@type":"WebSite","@id":"https:\/\/artner.com.br\/#website","url":"https:\/\/artner.com.br\/","name":"ArtNer","description":"A editora que realiza o seu sonho!","publisher":{"@id":"https:\/\/artner.com.br\/#organization"},"potentialAction":[{"@type":"SearchAction","target":{"@type":"EntryPoint","urlTemplate":"https:\/\/artner.com.br\/?s={search_term_string}"},"query-input":"required name=search_term_string"}],"inLanguage":"pt-BR"},{"@type":"Organization","@id":"https:\/\/artner.com.br\/#organization","name":"Editora ArtNer","url":"https:\/\/artner.com.br\/","logo":{"@type":"ImageObject","inLanguage":"pt-BR","@id":"https:\/\/artner.com.br\/#\/schema\/logo\/image\/","url":"https:\/\/artner.com.br\/wp-content\/uploads\/2022\/11\/cropped-ArtNer_Logo.png","contentUrl":"https:\/\/artner.com.br\/wp-content\/uploads\/2022\/11\/cropped-ArtNer_Logo.png","width":976,"height":388,"caption":"Editora ArtNer"},"image":{"@id":"https:\/\/artner.com.br\/#\/schema\/logo\/image\/"},"sameAs":["https:\/\/www.instagram.com\/editora_artner\/","https:\/\/www.facebook.com\/artnercomunicacao\/"]},{"@type":"Person","@id":"https:\/\/artner.com.br\/#\/schema\/person\/94e842656859e10f07fd66846f02af4f","name":"Joselito","image":{"@type":"ImageObject","inLanguage":"pt-BR","@id":"https:\/\/artner.com.br\/#\/schema\/person\/image\/","url":"https:\/\/secure.gravatar.com\/avatar\/ed545fd8e7f974fbae6e6e93817045d070d095cca8e784990b024cd4811d3a53?s=96&d=mm&r=g","contentUrl":"https:\/\/secure.gravatar.com\/avatar\/ed545fd8e7f974fbae6e6e93817045d070d095cca8e784990b024cd4811d3a53?s=96&d=mm&r=g","caption":"Joselito"},"url":"https:\/\/artner.com.br\/?author=2"}]}},"_links":{"self":[{"href":"https:\/\/artner.com.br\/index.php?rest_route=\/wp\/v2\/posts\/120916","targetHints":{"allow":["GET"]}}],"collection":[{"href":"https:\/\/artner.com.br\/index.php?rest_route=\/wp\/v2\/posts"}],"about":[{"href":"https:\/\/artner.com.br\/index.php?rest_route=\/wp\/v2\/types\/post"}],"author":[{"embeddable":true,"href":"https:\/\/artner.com.br\/index.php?rest_route=\/wp\/v2\/users\/2"}],"replies":[{"embeddable":true,"href":"https:\/\/artner.com.br\/index.php?rest_route=%2Fwp%2Fv2%2Fcomments&post=120916"}],"version-history":[{"count":1,"href":"https:\/\/artner.com.br\/index.php?rest_route=\/wp\/v2\/posts\/120916\/revisions"}],"predecessor-version":[{"id":120926,"href":"https:\/\/artner.com.br\/index.php?rest_route=\/wp\/v2\/posts\/120916\/revisions\/120926"}],"wp:featuredmedia":[{"embeddable":true,"href":"https:\/\/artner.com.br\/index.php?rest_route=\/wp\/v2\/media\/120925"}],"wp:attachment":[{"href":"https:\/\/artner.com.br\/index.php?rest_route=%2Fwp%2Fv2%2Fmedia&parent=120916"}],"wp:term":[{"taxonomy":"category","embeddable":true,"href":"https:\/\/artner.com.br\/index.php?rest_route=%2Fwp%2Fv2%2Fcategories&post=120916"},{"taxonomy":"post_tag","embeddable":true,"href":"https:\/\/artner.com.br\/index.php?rest_route=%2Fwp%2Fv2%2Ftags&post=120916"}],"curies":[{"name":"wp","href":"https:\/\/api.w.org\/{rel}","templated":true}]}}